{"id":3527,"date":"2025-12-11T16:01:48","date_gmt":"2025-12-11T14:01:48","guid":{"rendered":"https:\/\/misjonikoor.eelk.ee\/?p=3527"},"modified":"2025-12-11T16:01:49","modified_gmt":"2025-12-11T14:01:49","slug":"misjonikoor-advendikuunla-suutamisel","status":"publish","type":"post","link":"https:\/\/misjonikoor.eelk.ee\/?p=3527","title":{"rendered":"Misjonikoor advendik\u00fc\u00fcnla s\u00fc\u00fctamisel"},"content":{"rendered":"\n<p>30.11.2025 toimus Raekoja platsil iga-aastane advenditule s\u00fc\u00fctamine, kus ka Misjonikoor \u00fches teiste Tallinna praostkoori kooride laval oli.<\/p>\n\n\n\n<p><\/p>\n\n\n\n<figure class=\"wp-block-image size-large\"><a href=\"https:\/\/misjonikoor.eelk.ee\/wp-content\/uploads\/2025\/12\/IMG_3751-scaled.jpeg\"><img loading=\"lazy\" decoding=\"async\" width=\"1024\" height=\"768\" src=\"https:\/\/misjonikoor.eelk.ee\/wp-content\/uploads\/2025\/12\/IMG_3751-1024x768.jpeg\" alt=\"\" class=\"wp-image-3528\" srcset=\"https:\/\/misjonikoor.eelk.ee\/wp-content\/uploads\/2025\/12\/IMG_3751-1024x768.jpeg 1024w, https:\/\/misjonikoor.eelk.ee\/wp-content\/uploads\/2025\/12\/IMG_3751-300x225.jpeg 300w, https:\/\/misjonikoor.eelk.ee\/wp-content\/uploads\/2025\/12\/IMG_3751-768x576.jpeg 768w, https:\/\/misjonikoor.eelk.ee\/wp-content\/uploads\/2025\/12\/IMG_3751-1536x1152.jpeg 1536w, https:\/\/misjonikoor.eelk.ee\/wp-content\/uploads\/2025\/12\/IMG_3751-2048x1536.jpeg 2048w\" sizes=\"auto, (max-width: 1024px) 100vw, 1024px\" \/><\/a><\/figure>\n","protected":false},"excerpt":{"rendered":"<p>30.11.2025 toimus Raekoja platsil iga-aastane advenditule s\u00fc\u00fctamine, kus ka Misjonikoor \u00fches teiste Tallinna praostkoori kooride laval oli.<\/p>\n","protected":false},"author":2,"featured_media":0,"comment_status":"closed","ping_status":"open","sticky":false,"template":"","format":"standard","meta":{"footnotes":""},"categories":[1],"tags":[],"class_list":["post-3527","post","type-post","status-publish","format-standard","hentry","category-maaratlemata"],"_links":{"self":[{"href":"https:\/\/misjonikoor.eelk.ee\/index.php?rest_route=\/wp\/v2\/posts\/3527","targetHints":{"allow":["GET"]}}],"collection":[{"href":"https:\/\/misjonikoor.eelk.ee\/index.php?rest_route=\/wp\/v2\/posts"}],"about":[{"href":"https:\/\/misjonikoor.eelk.ee\/index.php?rest_route=\/wp\/v2\/types\/post"}],"author":[{"embeddable":true,"href":"https:\/\/misjonikoor.eelk.ee\/index.php?rest_route=\/wp\/v2\/users\/2"}],"replies":[{"embeddable":true,"href":"https:\/\/misjonikoor.eelk.ee\/index.php?rest_route=%2Fwp%2Fv2%2Fcomments&post=3527"}],"version-history":[{"count":1,"href":"https:\/\/misjonikoor.eelk.ee\/index.php?rest_route=\/wp\/v2\/posts\/3527\/revisions"}],"predecessor-version":[{"id":3529,"href":"https:\/\/misjonikoor.eelk.ee\/index.php?rest_route=\/wp\/v2\/posts\/3527\/revisions\/3529"}],"wp:attachment":[{"href":"https:\/\/misjonikoor.eelk.ee\/index.php?rest_route=%2Fwp%2Fv2%2Fmedia&parent=3527"}],"wp:term":[{"taxonomy":"category","embeddable":true,"href":"https:\/\/misjonikoor.eelk.ee\/index.php?rest_route=%2Fwp%2Fv2%2Fcategories&post=3527"},{"taxonomy":"post_tag","embeddable":true,"href":"https:\/\/misjonikoor.eelk.ee\/index.php?rest_route=%2Fwp%2Fv2%2Ftags&post=3527"}],"curies":[{"name":"wp","href":"https:\/\/api.w.org\/{rel}","templated":true}]}}